{"id":897,"date":"2022-11-13T12:12:00","date_gmt":"2022-11-13T12:12:00","guid":{"rendered":"https:\/\/betonkurier.reinhart-gymnasium.de\/?p=897"},"modified":"2022-11-27T12:12:28","modified_gmt":"2022-11-27T12:12:28","slug":"in-gedenken-an-den-09-11-1939","status":"publish","type":"post","link":"https:\/\/betonkurier.reinhart-gymnasium.de\/?p=897","title":{"rendered":"In Gedenken an den 09.11.1939"},"content":{"rendered":"\n<p>Als am 09. November 1989 nach 40 Jahren der Trennung die Mauer fiel, war dies ein Zeichen der Einheit, ein Zeichen des Friedens f\u00fcr Deutschland. Doch nur 51 Jahre zuvor stand dieser Tag nicht etwa f\u00fcr Freudentr\u00e4nen und Umarmungen, sondern f\u00fcr Furcht, Schrecken und Tod. In nahezu jeder mittelgro\u00dfen Stadt brannten die Synagogen. Ausgel\u00f6st von einer Hetzrede des nationalsozialistischen Propagandaministers Josef Goebbels pl\u00fcnderten und zerst\u00f6rten organisierte nationalsozialistische Gruppen und Einzelpersonen j\u00fcdische Gesch\u00e4fte, legten Feuer an den heiligsten Orten der j\u00fcdisch-deutschen Bev\u00f6lkerung und misshandelten, verhafteten und t\u00f6teten tausende J\u00fcdinnen und Juden. F\u00fcr den Rest der deutschen Bev\u00f6lkerung, die teilweise durch Machtlosigkeit oder Ignoranz zur\u00fcckgehalten am Rand des Geschehens stand, war sp\u00e4testens nach der Nacht vom 09. auf den 10. November 1938 klar, dass der Antisemitismus in Deutschland ein ganz neues Ausma\u00df angenommen hatte. Heute sieht man in der Reichspogromnacht das erste, staatlich motivierte Signal zu einem der gr\u00f6\u00dften und grausamsten V\u00f6lkermorde der Geschichte. Eine Tat, die die Geschichte niemals vergessen darf, denn sie erinnert uns alle auf der Welt daran, was passieren kann, wenn Hass die Oberhand gewinnt.<\/p>\n\n\n\n<p>Aus genau diesem Grund nahmen die Klassen 10d und 9b am 10.11.2022, zusammen mit weiteren Sch\u00fclern von insgesamt 84 Schulen, an einem Zeitzeugengespr\u00e4ch \u00fcber die online Plattform Zoom teil. Organisiert wurde dieses Gespr\u00e4ch von der Friedrich-Ebert-Stiftung, die sich f\u00fcr politische und gesellschaftliche Bildung sowie internationales Verst\u00e4ndnis einsetzt. Frau Ruth Melcer berichtete den Sch\u00fclern von dem \u00dcberfall auf ihr Heimatland Polen als sie gerade einmal 4 Jahre alt war, von ihrer Zeit in Ausschwitz, der Befreiung des Konzentrationslagers am 27. Januar 1945 und vom Leben in einem Land, das noch lange nach Ende des Krieges von den Idealen des Nationalsozialismus zerfressen war. Nur aufgrund einer beabsichtigten F\u00e4lschung ihres Alters konnte Frau Melcer als 9-J\u00e4hrige den Aufenthalt in Ausschwitz, als arbeitsf\u00e4hig eingestuft, \u00fcberleben und die Sch\u00fcler \u00fcber 80 Jahre sp\u00e4ter in tiefe Gedanken versetzen.<\/p>\n\n\n\n<p>Noch heute l\u00f6st die Erinnerung an diesen Tag sogar in den K\u00f6pfen der j\u00fcngsten Generationen, Betr\u00fcbtheit und Reue hervor. Und auch wenn diese Generationen doch eigentlich gar nichts f\u00fcr die Trag\u00f6die k\u00f6nnen, ist es besonders wichtig, gerade die jungen Leute aufzukl\u00e4ren. Damit es nicht zu einem \u201edanebenstehen\u201c, sondern einem \u201ebeistehen\u201c kommt, sollte die Gefahr einer Wiederholung in jeglicher Art bestehen. Im besten Fall sollten die Erinnerung an die Vergangenheit nat\u00fcrlich daf\u00fcr sorgen, dass die Menschheit so etwas nie wieder erfahren muss, doch vor dem Hintergrund der aktuellen Ereignisse in der Ukraine und im Iran ist es fraglich, ob diese Menschheit zu so einem Frieden \u00fcberhaupt bereit ist.<\/p>\n\n\n\n<p>Viele der Sch\u00fcler waren \u201efroh, das miterleben zu d\u00fcrfen\u201c, wohingegen die anderen Klassen der 9. und 10. Jahrgangsstufe sich auch eine Teilnahme gew\u00fcnscht h\u00e4tten. Denn auch wenn die Stimmung danach geteilt war und eine niedergeschlagene Grundstimmung herrschte, empfand der Gro\u00dfteil der Teilnehmer des JCRG das Erlebnis als \u201epositiv\u201c und \u201ebereichernd\u201c f\u00fcr ihre pers\u00f6nliche und soziale Bildung. Dabei h\u00e4tten sich einige eine bessere Vorbereitung auf das Thema gew\u00fcnscht. Eine fr\u00fchere Aufarbeitung der NS-Zeit im Unterricht wird der straffe Lehrplan des bayrischen Kulturministeriums wohl nicht zulassen, doch wie s\u00e4he es mit einer vermehrten Teilnahme an \u00e4hnlichen Bildungsveranstaltungen aus? W\u00e4re dies im Interesse der Sch\u00fcler und Lehrer?<\/p>\n\n\n\n<p class=\"has-text-align-right\">Emma Putzier, Q12<\/p>\n","protected":false},"excerpt":{"rendered":"<p>Als am 09. November 1989 nach 40 Jahren der Trennung die Mauer fiel, war dies ein Zeichen der Einheit, ein Zeichen des Friedens f\u00fcr Deutschland. Doch nur 51 Jahre zuvor stand dieser Tag nicht etwa f\u00fcr Freudentr\u00e4nen und Umarmungen, sondern f\u00fcr Furcht, Schrecken und Tod.<\/p>\n","protected":false},"author":4,"featured_media":899,"comment_status":"closed","ping_status":"closed","sticky":false,"template":"","format":"standard","meta":{"footnotes":""},"categories":[5],"tags":[],"class_list":["post-897","post","type-post","status-publish","format-standard","has-post-thumbnail","hentry","category-bericht"],"_links":{"self":[{"href":"https:\/\/betonkurier.reinhart-gymnasium.de\/index.php?rest_route=\/wp\/v2\/posts\/897","targetHints":{"allow":["GET"]}}],"collection":[{"href":"https:\/\/betonkurier.reinhart-gymnasium.de\/index.php?rest_route=\/wp\/v2\/posts"}],"about":[{"href":"https:\/\/betonkurier.reinhart-gymnasium.de\/index.php?rest_route=\/wp\/v2\/types\/post"}],"author":[{"embeddable":true,"href":"https:\/\/betonkurier.reinhart-gymnasium.de\/index.php?rest_route=\/wp\/v2\/users\/4"}],"replies":[{"embeddable":true,"href":"https:\/\/betonkurier.reinhart-gymnasium.de\/index.php?rest_route=%2Fwp%2Fv2%2Fcomments&post=897"}],"version-history":[{"count":2,"href":"https:\/\/betonkurier.reinhart-gymnasium.de\/index.php?rest_route=\/wp\/v2\/posts\/897\/revisions"}],"predecessor-version":[{"id":900,"href":"https:\/\/betonkurier.reinhart-gymnasium.de\/index.php?rest_route=\/wp\/v2\/posts\/897\/revisions\/900"}],"wp:featuredmedia":[{"embeddable":true,"href":"https:\/\/betonkurier.reinhart-gymnasium.de\/index.php?rest_route=\/wp\/v2\/media\/899"}],"wp:attachment":[{"href":"https:\/\/betonkurier.reinhart-gymnasium.de\/index.php?rest_route=%2Fwp%2Fv2%2Fmedia&parent=897"}],"wp:term":[{"taxonomy":"category","embeddable":true,"href":"https:\/\/betonkurier.reinhart-gymnasium.de\/index.php?rest_route=%2Fwp%2Fv2%2Fcategories&post=897"},{"taxonomy":"post_tag","embeddable":true,"href":"https:\/\/betonkurier.reinhart-gymnasium.de\/index.php?rest_route=%2Fwp%2Fv2%2Ftags&post=897"}],"curies":[{"name":"wp","href":"https:\/\/api.w.org\/{rel}","templated":true}]}}